{"id":111,"date":"2011-04-26T11:11:36","date_gmt":"2011-04-26T09:11:36","guid":{"rendered":"http:\/\/abi.allebrodt.net\/?p=111"},"modified":"2011-04-26T11:15:58","modified_gmt":"2011-04-26T09:15:58","slug":"25-jahre-die-ortlichkeit","status":"publish","type":"post","link":"http:\/\/abi.allebrodt.net\/index.php\/2011\/04\/26\/25-jahre-die-ortlichkeit\/","title":{"rendered":"8. Oktober 2011: Die \u00d6rtlichkeit"},"content":{"rendered":"<p>Nachdem der 8. Oktober jetzt als Termin feststeht, gehts im weiteren Ablauf um den Ort der Feier. Nachdem ein paar Vorschl\u00e4ge eingegangen sind, habe ich ne doodle-Abfrage erstellt und Ihr k\u00f6nnt unter <a href=\"http:\/\/www.doodle.com\/zrbztv58s49b9psm\">Wo sollen wir feiern?<\/a>\u00a0kr\u00e4ftig abstimmen! Falls <em><strong>kurzfristig<\/strong><\/em> noch weitere Vorschl\u00e4ge kommen, k\u00f6nnen die noch eingebaut werden. Ihr k\u00f6nnt bei der Abstimmung auch mehrere \u00d6rtlichkeiten w\u00e4hlen. Ich werde die Abstimmung gegen Ende Mai schlie\u00dfen.<\/p>\n<p>Weiterhin besteht nat\u00fcrlich der Aufruf zur Hilfe bei der Planung. Silvi hat sich schon netterweise bereit erkl\u00e4rt, aber sie braucht Unterst\u00fctzung. Von daher nochmal der Aufruf: <strong>Sauerl\u00e4nder, meldet Euch und helft!<\/strong><\/p>\n","protected":false},"excerpt":{"rendered":"<p>Nachdem der 8. Oktober jetzt als Termin feststeht, gehts im weiteren Ablauf um den Ort der Feier. Nachdem ein paar Vorschl\u00e4ge eingegangen sind, habe ich ne doodle-Abfrage erstellt und Ihr k\u00f6nnt unter Wo sollen wir feiern?\u00a0kr\u00e4ftig abstimmen! Falls kurzfristig noch &hellip; <a href=\"http:\/\/abi.allebrodt.net\/index.php\/2011\/04\/26\/25-jahre-die-ortlichkeit\/\">Weiterlesen <span class=\"meta-nav\">&rarr;<\/span><\/a><\/p>\n","protected":false},"author":1,"featured_media":0,"comment_status":"open","ping_status":"open","sticky":false,"template":"","format":"standard","meta":{"ngg_post_thumbnail":0,"jetpack_post_was_ever_published":false,"jetpack_publicize_message":"","jetpack_is_tweetstorm":false,"jetpack_publicize_feature_enabled":true,"jetpack_social_post_already_shared":false,"jetpack_social_options":[]},"categories":[8],"tags":[],"jetpack_publicize_connections":[],"jetpack_featured_media_url":"","jetpack_sharing_enabled":true,"jetpack_shortlink":"https:\/\/wp.me\/p6YdrU-1N","jetpack-related-posts":[{"id":165,"url":"http:\/\/abi.allebrodt.net\/index.php\/2011\/06\/28\/ergebnis-der-letzten-sitzung\/","url_meta":{"origin":111,"position":0},"title":"Ergebnis der letzten Sitzung","date":"28. Juni 2011","format":false,"excerpt":"Am 21ten hat sich das Orga-Team wieder zusammengefunden, wieder mal ohne Beteiligung der Rivianer. Dabei wurde festgestellt, dass sich der Adressbestand immer noch in einem etwas veralteten Zustand befindet. Ich habe den aktuellen Stand der Liste auf die Homepage gestellt. Meine Bitte: schaut Euch die Liste an und meldet alle\u2026","rel":"","context":"In &quot;25 Jahre - Die Feier&quot;","img":{"alt_text":"","src":"","width":0,"height":0},"classes":[]},{"id":199,"url":"http:\/\/abi.allebrodt.net\/index.php\/2011\/09\/09\/endspurt-anmeldeschluss\/","url_meta":{"origin":111,"position":1},"title":"Endspurt &#8211; Anmeldeschluss&#8230;","date":"9. September 2011","format":false,"excerpt":"Die Zeit vergeht und der Anmeldeschluss 12.9. (kommender Montag) \u00a0f\u00fcr die Jubil\u00e4umsparty rast uns unaufhaltsam entgegen. Und es gibt noch einige, die offensichtlich z\u00f6gern, mit sich hadern oder aus anderen Gr\u00fcnden Ihrer \"Meldepflicht\" nicht nachgekommen sind. An diese Herrschaften richtet sich unser Aufruf: bitte erleichtert dem \"Team Attendorn\" die Planung,\u2026","rel":"","context":"In &quot;25 Jahre - Die Feier&quot;","img":{"alt_text":"","src":"","width":0,"height":0},"classes":[]},{"id":6,"url":"http:\/\/abi.allebrodt.net\/index.php\/2010\/12\/07\/terminplanung-2011\/","url_meta":{"origin":111,"position":2},"title":"Terminplanung 2011","date":"7. Dezember 2010","format":false,"excerpt":"F\u00fcr unser 25j\u00e4hriges Jubil\u00e4um hat Marion per Doodle mehrere Termine zur Abstimmung gestellt. Beteiligt Euch kr\u00e4ftig an der Abstimmung, damit m\u00f6glichst viele dabei sein k\u00f6nnen. Ihr erreicht die Abstimmung unter: Doodle - Abi 1986","rel":"","context":"In &quot;Allgemein&quot;","img":{"alt_text":"","src":"","width":0,"height":0},"classes":[]},{"id":129,"url":"http:\/\/abi.allebrodt.net\/index.php\/2011\/05\/06\/umfrage-beendet\/","url_meta":{"origin":111,"position":3},"title":"Umfrage beendet!","date":"6. Mai 2011","format":false,"excerpt":"Aufgrund der guten Beteiligung habe ich nach 51 abgegebenen Stimmen und einem recht eindeutigen Ergebnis die Umfrage beendet und das Hotel zur Post f\u00fcr den 8. Oktober gebucht!!! Vielen Dank allen beteiligten W\u00e4hlern!","rel":"","context":"In &quot;25 Jahre - Die Feier&quot;","img":{"alt_text":"","src":"","width":0,"height":0},"classes":[]},{"id":124,"url":"http:\/\/abi.allebrodt.net\/index.php\/2011\/05\/03\/bitte-melde-dich\/","url_meta":{"origin":111,"position":4},"title":"Bitte melde Dich&#8230;","date":"3. Mai 2011","format":false,"excerpt":"Schaut bei Gelegenheit doch bitte mal unter Vermisstenanzeigen nach. Vielleicht k\u00f6nnt Ihr dabei helfen, den ein oder anderen wiederzufinden, bzw. die mail-Adressen zu aktualisieren. Ich versuche, in n\u00e4chster Zeit eine vollst\u00e4ndige Liste derer zu erstellen, zu denen uns keine oder nur rudiment\u00e4re Informationen vorliegen.","rel":"","context":"In &quot;25 Jahre - Die Feier&quot;","img":{"alt_text":"","src":"","width":0,"height":0},"classes":[]},{"id":229,"url":"http:\/\/abi.allebrodt.net\/index.php\/2012\/08\/10\/treffen-im-november\/","url_meta":{"origin":111,"position":5},"title":"Treffen im November???","date":"10. August 2012","format":false,"excerpt":"Im Rahmen der Feier kam die Idee auf, sich unregelm\u00e4\u00dfig mal auf ein bis zwanzig Bier in Attendorn zu treffen. Es wurde mittlerweile ein Termin gefunden und vorgeschlagen: Am 17.11. soll das Treffen stattfinden, voraussichtlich im Gasthaus. Damit aber abh\u00e4ngig von der Teilnehmerzahl ggf. reserviert werden kann, bitten wir Euch\u2026","rel":"","context":"In &quot;Allgemein&quot;","img":{"alt_text":"","src":"","width":0,"height":0},"classes":[]}],"_links":{"self":[{"href":"http:\/\/abi.allebrodt.net\/index.php\/wp-json\/wp\/v2\/posts\/111"}],"collection":[{"href":"http:\/\/abi.allebrodt.net\/index.php\/wp-json\/wp\/v2\/posts"}],"about":[{"href":"http:\/\/abi.allebrodt.net\/index.php\/wp-json\/wp\/v2\/types\/post"}],"author":[{"embeddable":true,"href":"http:\/\/abi.allebrodt.net\/index.php\/wp-json\/wp\/v2\/users\/1"}],"replies":[{"embeddable":true,"href":"http:\/\/abi.allebrodt.net\/index.php\/wp-json\/wp\/v2\/comments?post=111"}],"version-history":[{"count":5,"href":"http:\/\/abi.allebrodt.net\/index.php\/wp-json\/wp\/v2\/posts\/111\/revisions"}],"predecessor-version":[{"id":114,"href":"http:\/\/abi.allebrodt.net\/index.php\/wp-json\/wp\/v2\/posts\/111\/revisions\/114"}],"wp:attachment":[{"href":"http:\/\/abi.allebrodt.net\/index.php\/wp-json\/wp\/v2\/media?parent=111"}],"wp:term":[{"taxonomy":"category","embeddable":true,"href":"http:\/\/abi.allebrodt.net\/index.php\/wp-json\/wp\/v2\/categories?post=111"},{"taxonomy":"post_tag","embeddable":true,"href":"http:\/\/abi.allebrodt.net\/index.php\/wp-json\/wp\/v2\/tags?post=111"}],"curies":[{"name":"wp","href":"https:\/\/api.w.org\/{rel}","templated":true}]}}