{"id":129,"date":"2011-05-06T18:17:58","date_gmt":"2011-05-06T16:17:58","guid":{"rendered":"http:\/\/abi.allebrodt.net\/?p=129"},"modified":"2011-05-06T18:30:47","modified_gmt":"2011-05-06T16:30:47","slug":"umfrage-beendet","status":"publish","type":"post","link":"http:\/\/abi.allebrodt.net\/index.php\/2011\/05\/06\/umfrage-beendet\/","title":{"rendered":"Umfrage beendet!"},"content":{"rendered":"<p>Aufgrund der guten Beteiligung habe ich nach 51 abgegebenen Stimmen und einem recht eindeutigen Ergebnis die Umfrage beendet und das Hotel zur Post f\u00fcr den 8. Oktober gebucht!!!<br \/>\nVielen Dank allen beteiligten W\u00e4hlern!<\/p>\n","protected":false},"excerpt":{"rendered":"<p>Aufgrund der guten Beteiligung habe ich nach 51 abgegebenen Stimmen und einem recht eindeutigen Ergebnis die Umfrage beendet und das Hotel zur Post f\u00fcr den 8. Oktober gebucht!!! Vielen Dank allen beteiligten W\u00e4hlern!<\/p>\n","protected":false},"author":1,"featured_media":0,"comment_status":"open","ping_status":"open","sticky":false,"template":"","format":"standard","meta":{"ngg_post_thumbnail":0,"jetpack_post_was_ever_published":false,"jetpack_publicize_message":"","jetpack_is_tweetstorm":false,"jetpack_publicize_feature_enabled":true,"jetpack_social_post_already_shared":false,"jetpack_social_options":[]},"categories":[8],"tags":[],"jetpack_publicize_connections":[],"jetpack_featured_media_url":"","jetpack_sharing_enabled":true,"jetpack_shortlink":"https:\/\/wp.me\/p6YdrU-25","jetpack-related-posts":[{"id":199,"url":"http:\/\/abi.allebrodt.net\/index.php\/2011\/09\/09\/endspurt-anmeldeschluss\/","url_meta":{"origin":129,"position":0},"title":"Endspurt &#8211; Anmeldeschluss&#8230;","date":"9. September 2011","format":false,"excerpt":"Die Zeit vergeht und der Anmeldeschluss 12.9. (kommender Montag) \u00a0f\u00fcr die Jubil\u00e4umsparty rast uns unaufhaltsam entgegen. Und es gibt noch einige, die offensichtlich z\u00f6gern, mit sich hadern oder aus anderen Gr\u00fcnden Ihrer \"Meldepflicht\" nicht nachgekommen sind. An diese Herrschaften richtet sich unser Aufruf: bitte erleichtert dem \"Team Attendorn\" die Planung,\u2026","rel":"","context":"In &quot;25 Jahre - Die Feier&quot;","img":{"alt_text":"","src":"","width":0,"height":0},"classes":[]},{"id":165,"url":"http:\/\/abi.allebrodt.net\/index.php\/2011\/06\/28\/ergebnis-der-letzten-sitzung\/","url_meta":{"origin":129,"position":1},"title":"Ergebnis der letzten Sitzung","date":"28. Juni 2011","format":false,"excerpt":"Am 21ten hat sich das Orga-Team wieder zusammengefunden, wieder mal ohne Beteiligung der Rivianer. Dabei wurde festgestellt, dass sich der Adressbestand immer noch in einem etwas veralteten Zustand befindet. Ich habe den aktuellen Stand der Liste auf die Homepage gestellt. Meine Bitte: schaut Euch die Liste an und meldet alle\u2026","rel":"","context":"In &quot;25 Jahre - Die Feier&quot;","img":{"alt_text":"","src":"","width":0,"height":0},"classes":[]},{"id":111,"url":"http:\/\/abi.allebrodt.net\/index.php\/2011\/04\/26\/25-jahre-die-ortlichkeit\/","url_meta":{"origin":129,"position":2},"title":"8. Oktober 2011: Die \u00d6rtlichkeit","date":"26. April 2011","format":false,"excerpt":"Nachdem der 8. Oktober jetzt als Termin feststeht, gehts im weiteren Ablauf um den Ort der Feier. Nachdem ein paar Vorschl\u00e4ge eingegangen sind, habe ich ne doodle-Abfrage erstellt und Ihr k\u00f6nnt unter Wo sollen wir feiern?\u00a0kr\u00e4ftig abstimmen! Falls kurzfristig noch weitere Vorschl\u00e4ge kommen, k\u00f6nnen die noch eingebaut werden. Ihr k\u00f6nnt\u2026","rel":"","context":"In &quot;25 Jahre - Die Feier&quot;","img":{"alt_text":"","src":"","width":0,"height":0},"classes":[]},{"id":55,"url":"http:\/\/abi.allebrodt.net\/index.php\/2010\/12\/09\/adressverzeichnis\/","url_meta":{"origin":129,"position":3},"title":"Adressverzeichnis","date":"9. Dezember 2010","format":false,"excerpt":"Hier gehts um Eure Mithilfe: mein n\u00e4chstes Vorhaben ist es, ein m\u00f6glichst vollst\u00e4ndiges und aktuelles Adressenverzeichnis zu erstellen. Dazu m\u00f6chte ich Euch alle bitten, einmal das Formular unter Adressaktualisierung auszuf\u00fcllen und abzuschicken. Die Liste wird nicht auf der Homepage ver\u00f6ffentlicht! Sie kann aber bei mir angefordert werden, wenn sie auf\u2026","rel":"","context":"In &quot;Allgemein&quot;","img":{"alt_text":"","src":"","width":0,"height":0},"classes":[]},{"id":86,"url":"http:\/\/abi.allebrodt.net\/index.php\/2010\/12\/10\/fehlerhafte-mail-adressen\/","url_meta":{"origin":129,"position":4},"title":"Fehlerhafte mail-Adressen","date":"10. Dezember 2010","format":false,"excerpt":"In meinem Verteiler liefern einige Adressen einen Fehler zur\u00fcck... Schaut mal rein unter Vermisstenanzeigen, vielleicht seid Ihr ja auf einem aktuelleren Stand und k\u00f6nnt meinen Verteiler korrigieren.","rel":"","context":"In &quot;25 Jahre - Die Feier&quot;","img":{"alt_text":"","src":"","width":0,"height":0},"classes":[]},{"id":110,"url":"http:\/\/abi.allebrodt.net\/index.php\/2011\/04\/20\/test-der-smartphone-schnittstelle\/","url_meta":{"origin":129,"position":5},"title":"Test der Smartphone-Schnittstelle","date":"20. April 2011","format":false,"excerpt":"Ver\u00f6ffentlichung\u00a0 \u00fcber die Wordpress-App f\u00fcr Android. Siehe da, es funktioniert! Posted from WordPress for Android","rel":"","context":"In &quot;Allgemein&quot;","img":{"alt_text":"","src":"","width":0,"height":0},"classes":[]}],"_links":{"self":[{"href":"http:\/\/abi.allebrodt.net\/index.php\/wp-json\/wp\/v2\/posts\/129"}],"collection":[{"href":"http:\/\/abi.allebrodt.net\/index.php\/wp-json\/wp\/v2\/posts"}],"about":[{"href":"http:\/\/abi.allebrodt.net\/index.php\/wp-json\/wp\/v2\/types\/post"}],"author":[{"embeddable":true,"href":"http:\/\/abi.allebrodt.net\/index.php\/wp-json\/wp\/v2\/users\/1"}],"replies":[{"embeddable":true,"href":"http:\/\/abi.allebrodt.net\/index.php\/wp-json\/wp\/v2\/comments?post=129"}],"version-history":[{"count":2,"href":"http:\/\/abi.allebrodt.net\/index.php\/wp-json\/wp\/v2\/posts\/129\/revisions"}],"predecessor-version":[{"id":131,"href":"http:\/\/abi.allebrodt.net\/index.php\/wp-json\/wp\/v2\/posts\/129\/revisions\/131"}],"wp:attachment":[{"href":"http:\/\/abi.allebrodt.net\/index.php\/wp-json\/wp\/v2\/media?parent=129"}],"wp:term":[{"taxonomy":"category","embeddable":true,"href":"http:\/\/abi.allebrodt.net\/index.php\/wp-json\/wp\/v2\/categories?post=129"},{"taxonomy":"post_tag","embeddable":true,"href":"http:\/\/abi.allebrodt.net\/index.php\/wp-json\/wp\/v2\/tags?post=129"}],"curies":[{"name":"wp","href":"https:\/\/api.w.org\/{rel}","templated":true}]}}