{"id":146,"date":"2011-06-07T00:13:02","date_gmt":"2011-06-06T22:13:02","guid":{"rendered":"http:\/\/abi.allebrodt.net\/?p=146"},"modified":"2011-06-07T00:13:02","modified_gmt":"2011-06-06T22:13:02","slug":"adressen","status":"publish","type":"post","link":"http:\/\/abi.allebrodt.net\/index.php\/2011\/06\/07\/adressen\/","title":{"rendered":"Adressen&#8230;"},"content":{"rendered":"<p>Zur Zeit sind wir dabei, die Adressen auf einen einheitlichen aktuellen Stand zu bringen. Dazu auch vielen Dank an Christoph Hengstebeck f\u00fcr die Unterst\u00fctzung! Allerdings stellt sich heraus, dass der Adressbestand auf einem nicht sehr aktuellen Stand ist. Von daher nutzt bitte fleissig das Formular auf dieser Homepage, damit wir Eure Kontaktdaten erhalten!<\/p>\n","protected":false},"excerpt":{"rendered":"<p>Zur Zeit sind wir dabei, die Adressen auf einen einheitlichen aktuellen Stand zu bringen. Dazu auch vielen Dank an Christoph Hengstebeck f\u00fcr die Unterst\u00fctzung! Allerdings stellt sich heraus, dass der Adressbestand auf einem nicht sehr aktuellen Stand ist. Von daher &hellip; <a href=\"http:\/\/abi.allebrodt.net\/index.php\/2011\/06\/07\/adressen\/\">Weiterlesen <span class=\"meta-nav\">&rarr;<\/span><\/a><\/p>\n","protected":false},"author":3,"featured_media":0,"comment_status":"open","ping_status":"open","sticky":false,"template":"","format":"standard","meta":{"ngg_post_thumbnail":0,"jetpack_post_was_ever_published":false,"jetpack_publicize_message":"","jetpack_is_tweetstorm":false,"jetpack_publicize_feature_enabled":true,"jetpack_social_post_already_shared":false,"jetpack_social_options":[]},"categories":[8],"tags":[],"jetpack_publicize_connections":[],"jetpack_featured_media_url":"","jetpack_sharing_enabled":true,"jetpack_shortlink":"https:\/\/wp.me\/s6YdrU-adressen","jetpack-related-posts":[{"id":86,"url":"http:\/\/abi.allebrodt.net\/index.php\/2010\/12\/10\/fehlerhafte-mail-adressen\/","url_meta":{"origin":146,"position":0},"title":"Fehlerhafte mail-Adressen","date":"10. Dezember 2010","format":false,"excerpt":"In meinem Verteiler liefern einige Adressen einen Fehler zur\u00fcck... Schaut mal rein unter Vermisstenanzeigen, vielleicht seid Ihr ja auf einem aktuelleren Stand und k\u00f6nnt meinen Verteiler korrigieren.","rel":"","context":"In &quot;25 Jahre - Die Feier&quot;","img":{"alt_text":"","src":"","width":0,"height":0},"classes":[]},{"id":165,"url":"http:\/\/abi.allebrodt.net\/index.php\/2011\/06\/28\/ergebnis-der-letzten-sitzung\/","url_meta":{"origin":146,"position":1},"title":"Ergebnis der letzten Sitzung","date":"28. Juni 2011","format":false,"excerpt":"Am 21ten hat sich das Orga-Team wieder zusammengefunden, wieder mal ohne Beteiligung der Rivianer. Dabei wurde festgestellt, dass sich der Adressbestand immer noch in einem etwas veralteten Zustand befindet. Ich habe den aktuellen Stand der Liste auf die Homepage gestellt. Meine Bitte: schaut Euch die Liste an und meldet alle\u2026","rel":"","context":"In &quot;25 Jahre - Die Feier&quot;","img":{"alt_text":"","src":"","width":0,"height":0},"classes":[]},{"id":119,"url":"http:\/\/abi.allebrodt.net\/index.php\/2011\/05\/02\/in-eigener-sache-newsletter\/","url_meta":{"origin":146,"position":2},"title":"In eigener Sache (Newsletter)","date":"2. Mai 2011","format":false,"excerpt":"Nach dem letzten Newsletter gabs etwas Verwirrung, weil nicht alle einen Newsletter bekommen haben. Zur K\u00e4rung: wenn Ihr Eure aktuellen Anschriftsdaten unter Adressaktualisierung\u00a0angebt, ist das nicht gleichzeitig auch eine Anmeldung f\u00fcr den Newsletter. Leider ist es mir noch nicht gelungen, die Newsletter-Anmeldung mit der Adressaktualisierung zu verkn\u00fcfpen. Von daher die\u2026","rel":"","context":"In &quot;Allgemein&quot;","img":{"alt_text":"","src":"","width":0,"height":0},"classes":[]},{"id":111,"url":"http:\/\/abi.allebrodt.net\/index.php\/2011\/04\/26\/25-jahre-die-ortlichkeit\/","url_meta":{"origin":146,"position":3},"title":"8. Oktober 2011: Die \u00d6rtlichkeit","date":"26. April 2011","format":false,"excerpt":"Nachdem der 8. Oktober jetzt als Termin feststeht, gehts im weiteren Ablauf um den Ort der Feier. Nachdem ein paar Vorschl\u00e4ge eingegangen sind, habe ich ne doodle-Abfrage erstellt und Ihr k\u00f6nnt unter Wo sollen wir feiern?\u00a0kr\u00e4ftig abstimmen! Falls kurzfristig noch weitere Vorschl\u00e4ge kommen, k\u00f6nnen die noch eingebaut werden. Ihr k\u00f6nnt\u2026","rel":"","context":"In &quot;25 Jahre - Die Feier&quot;","img":{"alt_text":"","src":"","width":0,"height":0},"classes":[]},{"id":124,"url":"http:\/\/abi.allebrodt.net\/index.php\/2011\/05\/03\/bitte-melde-dich\/","url_meta":{"origin":146,"position":4},"title":"Bitte melde Dich&#8230;","date":"3. Mai 2011","format":false,"excerpt":"Schaut bei Gelegenheit doch bitte mal unter Vermisstenanzeigen nach. Vielleicht k\u00f6nnt Ihr dabei helfen, den ein oder anderen wiederzufinden, bzw. die mail-Adressen zu aktualisieren. Ich versuche, in n\u00e4chster Zeit eine vollst\u00e4ndige Liste derer zu erstellen, zu denen uns keine oder nur rudiment\u00e4re Informationen vorliegen.","rel":"","context":"In &quot;25 Jahre - Die Feier&quot;","img":{"alt_text":"","src":"","width":0,"height":0},"classes":[]},{"id":105,"url":"http:\/\/abi.allebrodt.net\/index.php\/2011\/04\/01\/hier-passiert-nichts\/","url_meta":{"origin":146,"position":5},"title":"Hier passiert nichts&#8230;","date":"1. April 2011","format":false,"excerpt":"... und das tut mir auch leid. In der letzten Zeit muss ich mich\u00a0mit vielen anderen Dingen besch\u00e4ftigen und komme Richtung Abifeier und Abiseite zu nichts. Wie ich erfahren habe, wird sich das in absehbarer Zeit auch nicht \u00e4ndern. Von daher bin ich auf Eure Unterst\u00fctzung angewiesen. Der Termin 8.\u2026","rel":"","context":"In &quot;Allgemein&quot;","img":{"alt_text":"","src":"","width":0,"height":0},"classes":[]}],"_links":{"self":[{"href":"http:\/\/abi.allebrodt.net\/index.php\/wp-json\/wp\/v2\/posts\/146"}],"collection":[{"href":"http:\/\/abi.allebrodt.net\/index.php\/wp-json\/wp\/v2\/posts"}],"about":[{"href":"http:\/\/abi.allebrodt.net\/index.php\/wp-json\/wp\/v2\/types\/post"}],"author":[{"embeddable":true,"href":"http:\/\/abi.allebrodt.net\/index.php\/wp-json\/wp\/v2\/users\/3"}],"replies":[{"embeddable":true,"href":"http:\/\/abi.allebrodt.net\/index.php\/wp-json\/wp\/v2\/comments?post=146"}],"version-history":[{"count":1,"href":"http:\/\/abi.allebrodt.net\/index.php\/wp-json\/wp\/v2\/posts\/146\/revisions"}],"predecessor-version":[{"id":147,"href":"http:\/\/abi.allebrodt.net\/index.php\/wp-json\/wp\/v2\/posts\/146\/revisions\/147"}],"wp:attachment":[{"href":"http:\/\/abi.allebrodt.net\/index.php\/wp-json\/wp\/v2\/media?parent=146"}],"wp:term":[{"taxonomy":"category","embeddable":true,"href":"http:\/\/abi.allebrodt.net\/index.php\/wp-json\/wp\/v2\/categories?post=146"},{"taxonomy":"post_tag","embeddable":true,"href":"http:\/\/abi.allebrodt.net\/index.php\/wp-json\/wp\/v2\/tags?post=146"}],"curies":[{"name":"wp","href":"https:\/\/api.w.org\/{rel}","templated":true}]}}