{"id":220,"date":"2011-10-21T23:26:46","date_gmt":"2011-10-21T21:26:46","guid":{"rendered":"http:\/\/abi.allebrodt.net\/?p=220"},"modified":"2011-10-21T23:26:46","modified_gmt":"2011-10-21T21:26:46","slug":"erste-fotos-sind-online","status":"publish","type":"post","link":"http:\/\/abi.allebrodt.net\/index.php\/2011\/10\/21\/erste-fotos-sind-online\/","title":{"rendered":"Erste Fotos sind online&#8230;"},"content":{"rendered":"<p>Ich habe gerade meine Bilder hochgeladen&#8230; Leider habe ich nur beim B\u00e4umchensetzen fotografiert. Abends habe ich das scheinbar irgendwie vergessen&#8230; Eine Aufforderung an alle, die noch Fotos geschossen haben: bitte schickt mir die Bilder zu, damit ich sie ver\u00f6ffentlichen kann. Und jetzt viel Spa\u00df beim Bilder gucken unter: <a title=\"Fotos vom 25j\u00e4hrigen Abi\" href=\"http:\/\/abi.allebrodt.net\/index.php\/gallerie\/fette-86-25jahriges-jubilaum-am-8-oktober-2011\/\" target=\"_self\">Bilder vom 25sten Jubil\u00e4um am 08.10.2011<\/a><\/p>\n","protected":false},"excerpt":{"rendered":"<p>Ich habe gerade meine Bilder hochgeladen&#8230; Leider habe ich nur beim B\u00e4umchensetzen fotografiert. Abends habe ich das scheinbar irgendwie vergessen&#8230; Eine Aufforderung an alle, die noch Fotos geschossen haben: bitte schickt mir die Bilder zu, damit ich sie ver\u00f6ffentlichen kann. &hellip; <a href=\"http:\/\/abi.allebrodt.net\/index.php\/2011\/10\/21\/erste-fotos-sind-online\/\">Weiterlesen <span class=\"meta-nav\">&rarr;<\/span><\/a><\/p>\n","protected":false},"author":3,"featured_media":0,"comment_status":"open","ping_status":"open","sticky":false,"template":"","format":"standard","meta":{"ngg_post_thumbnail":0,"jetpack_post_was_ever_published":false,"jetpack_publicize_message":"","jetpack_is_tweetstorm":false,"jetpack_publicize_feature_enabled":true,"jetpack_social_post_already_shared":false,"jetpack_social_options":[]},"categories":[1],"tags":[],"jetpack_publicize_connections":[],"jetpack_featured_media_url":"","jetpack_sharing_enabled":true,"jetpack_shortlink":"https:\/\/wp.me\/p6YdrU-3y","jetpack-related-posts":[{"id":70,"url":"http:\/\/abi.allebrodt.net\/index.php\/2010\/12\/10\/neue-funktion-newsletter\/","url_meta":{"origin":220,"position":0},"title":"Neue Funktion: Newsletter","date":"10. Dezember 2010","format":false,"excerpt":"Um allgemeine Infos weiter zu geben, habe ich gerade eine Newsletter-Funktion ins Leben gerufen. Bitte registriert Euch hier: Newsletter. Zur Zeit ist die Funktionalit\u00e4t noch in der Testphase, d.h. es kann passieren, dass Ihr noch die ein oder andere unsinnige eMail bekommt. Ich versuche das aber in Grenzen zu halten.","rel":"","context":"In &quot;Allgemein&quot;","img":{"alt_text":"","src":"","width":0,"height":0},"classes":[]},{"id":105,"url":"http:\/\/abi.allebrodt.net\/index.php\/2011\/04\/01\/hier-passiert-nichts\/","url_meta":{"origin":220,"position":1},"title":"Hier passiert nichts&#8230;","date":"1. April 2011","format":false,"excerpt":"... und das tut mir auch leid. In der letzten Zeit muss ich mich\u00a0mit vielen anderen Dingen besch\u00e4ftigen und komme Richtung Abifeier und Abiseite zu nichts. Wie ich erfahren habe, wird sich das in absehbarer Zeit auch nicht \u00e4ndern. Von daher bin ich auf Eure Unterst\u00fctzung angewiesen. Der Termin 8.\u2026","rel":"","context":"In &quot;Allgemein&quot;","img":{"alt_text":"","src":"","width":0,"height":0},"classes":[]},{"id":165,"url":"http:\/\/abi.allebrodt.net\/index.php\/2011\/06\/28\/ergebnis-der-letzten-sitzung\/","url_meta":{"origin":220,"position":2},"title":"Ergebnis der letzten Sitzung","date":"28. Juni 2011","format":false,"excerpt":"Am 21ten hat sich das Orga-Team wieder zusammengefunden, wieder mal ohne Beteiligung der Rivianer. Dabei wurde festgestellt, dass sich der Adressbestand immer noch in einem etwas veralteten Zustand befindet. Ich habe den aktuellen Stand der Liste auf die Homepage gestellt. Meine Bitte: schaut Euch die Liste an und meldet alle\u2026","rel":"","context":"In &quot;25 Jahre - Die Feier&quot;","img":{"alt_text":"","src":"","width":0,"height":0},"classes":[]},{"id":111,"url":"http:\/\/abi.allebrodt.net\/index.php\/2011\/04\/26\/25-jahre-die-ortlichkeit\/","url_meta":{"origin":220,"position":3},"title":"8. Oktober 2011: Die \u00d6rtlichkeit","date":"26. April 2011","format":false,"excerpt":"Nachdem der 8. Oktober jetzt als Termin feststeht, gehts im weiteren Ablauf um den Ort der Feier. Nachdem ein paar Vorschl\u00e4ge eingegangen sind, habe ich ne doodle-Abfrage erstellt und Ihr k\u00f6nnt unter Wo sollen wir feiern?\u00a0kr\u00e4ftig abstimmen! Falls kurzfristig noch weitere Vorschl\u00e4ge kommen, k\u00f6nnen die noch eingebaut werden. Ihr k\u00f6nnt\u2026","rel":"","context":"In &quot;25 Jahre - Die Feier&quot;","img":{"alt_text":"","src":"","width":0,"height":0},"classes":[]},{"id":129,"url":"http:\/\/abi.allebrodt.net\/index.php\/2011\/05\/06\/umfrage-beendet\/","url_meta":{"origin":220,"position":4},"title":"Umfrage beendet!","date":"6. Mai 2011","format":false,"excerpt":"Aufgrund der guten Beteiligung habe ich nach 51 abgegebenen Stimmen und einem recht eindeutigen Ergebnis die Umfrage beendet und das Hotel zur Post f\u00fcr den 8. Oktober gebucht!!! Vielen Dank allen beteiligten W\u00e4hlern!","rel":"","context":"In &quot;25 Jahre - Die Feier&quot;","img":{"alt_text":"","src":"","width":0,"height":0},"classes":[]},{"id":55,"url":"http:\/\/abi.allebrodt.net\/index.php\/2010\/12\/09\/adressverzeichnis\/","url_meta":{"origin":220,"position":5},"title":"Adressverzeichnis","date":"9. Dezember 2010","format":false,"excerpt":"Hier gehts um Eure Mithilfe: mein n\u00e4chstes Vorhaben ist es, ein m\u00f6glichst vollst\u00e4ndiges und aktuelles Adressenverzeichnis zu erstellen. Dazu m\u00f6chte ich Euch alle bitten, einmal das Formular unter Adressaktualisierung auszuf\u00fcllen und abzuschicken. Die Liste wird nicht auf der Homepage ver\u00f6ffentlicht! Sie kann aber bei mir angefordert werden, wenn sie auf\u2026","rel":"","context":"In &quot;Allgemein&quot;","img":{"alt_text":"","src":"","width":0,"height":0},"classes":[]}],"_links":{"self":[{"href":"http:\/\/abi.allebrodt.net\/index.php\/wp-json\/wp\/v2\/posts\/220"}],"collection":[{"href":"http:\/\/abi.allebrodt.net\/index.php\/wp-json\/wp\/v2\/posts"}],"about":[{"href":"http:\/\/abi.allebrodt.net\/index.php\/wp-json\/wp\/v2\/types\/post"}],"author":[{"embeddable":true,"href":"http:\/\/abi.allebrodt.net\/index.php\/wp-json\/wp\/v2\/users\/3"}],"replies":[{"embeddable":true,"href":"http:\/\/abi.allebrodt.net\/index.php\/wp-json\/wp\/v2\/comments?post=220"}],"version-history":[{"count":1,"href":"http:\/\/abi.allebrodt.net\/index.php\/wp-json\/wp\/v2\/posts\/220\/revisions"}],"predecessor-version":[{"id":221,"href":"http:\/\/abi.allebrodt.net\/index.php\/wp-json\/wp\/v2\/posts\/220\/revisions\/221"}],"wp:attachment":[{"href":"http:\/\/abi.allebrodt.net\/index.php\/wp-json\/wp\/v2\/media?parent=220"}],"wp:term":[{"taxonomy":"category","embeddable":true,"href":"http:\/\/abi.allebrodt.net\/index.php\/wp-json\/wp\/v2\/categories?post=220"},{"taxonomy":"post_tag","embeddable":true,"href":"http:\/\/abi.allebrodt.net\/index.php\/wp-json\/wp\/v2\/tags?post=220"}],"curies":[{"name":"wp","href":"https:\/\/api.w.org\/{rel}","templated":true}]}}