{"id":233,"date":"2012-11-07T23:38:28","date_gmt":"2012-11-07T22:38:28","guid":{"rendered":"http:\/\/abi.allebrodt.net\/?p=233"},"modified":"2013-03-26T12:51:56","modified_gmt":"2013-03-26T11:51:56","slug":"aktuelle-neuigkeiten-zum-treffen-am-17-11","status":"publish","type":"post","link":"http:\/\/abi.allebrodt.net\/index.php\/2012\/11\/07\/aktuelle-neuigkeiten-zum-treffen-am-17-11\/","title":{"rendered":"N\u00e4chstes Treffen am 20.04."},"content":{"rendered":"<p>Bald ist es soweit: das Treffen am <strong>20.04.<\/strong> steht vor der T\u00fcr!<\/p>\n<p>Dazu die aktuellsten Neuigkeiten:<\/p>\n<p>&#8211; Das Treffen findet im Gasthaus \u201eZum Ritter\u201c, K\u00f6lner Stra\u00dfe 33, statt, siehe auch Homepage: <a href=\"http:\/\/www.zum-ritter-attendorn.de\/\" title=\"www.zum-ritter-attendorn.de\" target=\"_blank\">http:\/\/www.zum-ritter-attendorn.de\/<\/a><br \/>\n&#8211; ab <strong>19:30 Uhr<\/strong> wird ein Tisch reserviert sein<\/p>\n<p>Wir w\u00fcrden uns \u00fcber zahlreiche Teilnahme freuen! Wenn Du dabei sein willst, gib bitte kurzfristig bei <a href=\"mailto:MarkusCramer@t-online.de\">Markus Cramer, MarkusCramer@t-online.de<\/a> Bescheid, damit er reservieren kann!<\/p>\n<p>Wir freuen uns auf ein hoffentlich zahlreiches Wiedersehen!!!<\/p>\n<p><strong><em>Also: Anmelden &#8211; Knoten ins Taschentuch &#8211; Vorbeikommen &#8211; Spa\u00df haben!<\/em><\/strong><\/p>\n","protected":false},"excerpt":{"rendered":"<p>Bald ist es soweit: das Treffen am 20.04. steht vor der T\u00fcr! Dazu die aktuellsten Neuigkeiten: &#8211; Das Treffen findet im Gasthaus \u201eZum Ritter\u201c, K\u00f6lner Stra\u00dfe 33, statt, siehe auch Homepage: http:\/\/www.zum-ritter-attendorn.de\/ &#8211; ab 19:30 Uhr wird ein Tisch reserviert &hellip; <a href=\"http:\/\/abi.allebrodt.net\/index.php\/2012\/11\/07\/aktuelle-neuigkeiten-zum-treffen-am-17-11\/\">Weiterlesen <span class=\"meta-nav\">&rarr;<\/span><\/a><\/p>\n","protected":false},"author":1,"featured_media":0,"comment_status":"open","ping_status":"open","sticky":false,"template":"","format":"standard","meta":{"ngg_post_thumbnail":0,"jetpack_post_was_ever_published":false,"jetpack_publicize_message":"","jetpack_is_tweetstorm":false,"jetpack_publicize_feature_enabled":true,"jetpack_social_post_already_shared":false,"jetpack_social_options":[]},"categories":[1],"tags":[],"jetpack_publicize_connections":[],"jetpack_featured_media_url":"","jetpack_sharing_enabled":true,"jetpack_shortlink":"https:\/\/wp.me\/p6YdrU-3L","jetpack-related-posts":[{"id":287,"url":"http:\/\/abi.allebrodt.net\/index.php\/2015\/03\/09\/save-the-date-18-04-2015\/","url_meta":{"origin":233,"position":0},"title":"Save the Date: 18.04.2015!","date":"9. M\u00e4rz 2015","format":false,"excerpt":"Am 18.04.2015 gibts das n\u00e4chste Treffen! Und hier alle Infos: - Das Treffen findet im Mediterran Steakhaus in Milstenau statt, siehe auch Homepage: http:\/\/www.mediterran-attendorn.de - Zwecks Reservierung meldet Euch bitte bei Markus Cramer (MarkusCramer@t-online.de) oder Anja Reising (AREISING@trilux.de) an! Wir freuen uns auf ein hoffentlich zahlreiches Wiedersehen am 18.04.!!!","rel":"","context":"In &quot;Allgemein&quot;","img":{"alt_text":"","src":"","width":0,"height":0},"classes":[]},{"id":279,"url":"http:\/\/abi.allebrodt.net\/index.php\/2014\/10\/16\/herbsttreffen\/","url_meta":{"origin":233,"position":1},"title":"Herbsttreffen!!!","date":"16. Oktober 2014","format":false,"excerpt":"Es ist wieder an der Zeit f\u00fcr ein neues Treffen der Abi-Veteranen. Termin: 08.11.2014! Die \u00fcblichen Informationen: - Treffpunkt im Gasthaus \u201eZum Ritter\u201c, K\u00f6lner Stra\u00dfe 33, statt, siehe auch Homepage: http:\/\/www.zum-ritter-attendorn.de\/ - um 19:30 Uhr gehts los Anmeldungen bitte wie \u00fcblich an Markus Cramer, MarkusCramer@t-online.de! Kommet zuhauf!!!","rel":"","context":"In &quot;Allgemein&quot;","img":{"alt_text":"","src":"","width":0,"height":0},"classes":[]},{"id":247,"url":"http:\/\/abi.allebrodt.net\/index.php\/2013\/09\/28\/das-nachste-treffen-steht-an\/","url_meta":{"origin":233,"position":2},"title":"Das n\u00e4chste Treffen steht an!!!","date":"28. September 2013","format":false,"excerpt":"Am 17.05.2014 soll das n\u00e4chste Treffen der Abi86er stattfinden! Hier die notwendigen Infos: - Treffpunkt im Gasthaus \u201eZum Ritter\u201c, K\u00f6lner Stra\u00dfe 33, statt, siehe auch Homepage: http:\/\/www.zum-ritter-attendorn.de\/ - um 19:30 Uhr gehts los Anmeldungen bitte wie \u00fcblich an Markus Cramer, MarkusCramer@t-online.de, damit genug St\u00fchle reserviert sind! Kommt zahlreich!!!","rel":"","context":"In &quot;Allgemein&quot;","img":{"alt_text":"","src":"","width":0,"height":0},"classes":[]},{"id":229,"url":"http:\/\/abi.allebrodt.net\/index.php\/2012\/08\/10\/treffen-im-november\/","url_meta":{"origin":233,"position":3},"title":"Treffen im November???","date":"10. August 2012","format":false,"excerpt":"Im Rahmen der Feier kam die Idee auf, sich unregelm\u00e4\u00dfig mal auf ein bis zwanzig Bier in Attendorn zu treffen. Es wurde mittlerweile ein Termin gefunden und vorgeschlagen: Am 17.11. soll das Treffen stattfinden, voraussichtlich im Gasthaus. Damit aber abh\u00e4ngig von der Teilnehmerzahl ggf. reserviert werden kann, bitten wir Euch\u2026","rel":"","context":"In &quot;Allgemein&quot;","img":{"alt_text":"","src":"","width":0,"height":0},"classes":[]},{"id":141,"url":"http:\/\/abi.allebrodt.net\/index.php\/2011\/05\/27\/nachstes-treffen-am-21-6\/","url_meta":{"origin":233,"position":4},"title":"N\u00e4chstes Treffen am 21.6.","date":"27. Mai 2011","format":false,"excerpt":"Das erste Treffen hat stattgefunden. Vier aufrechte Ursulinen haben sich zusammengefunden und zun\u00e4chst das Motto festgelegt: \"Fet(t)e 86\". Das n\u00e4chste Treffen findet am 21.06.2011 um 20.00 h bei Markus Cramer, Hohler Weg 16, statt. Es w\u00e4re toll, wenn sich dabei auch Rivianer einfinden w\u00fcrden!","rel":"","context":"In &quot;Allgemein&quot;","img":{"alt_text":"","src":"","width":0,"height":0},"classes":[]},{"id":165,"url":"http:\/\/abi.allebrodt.net\/index.php\/2011\/06\/28\/ergebnis-der-letzten-sitzung\/","url_meta":{"origin":233,"position":5},"title":"Ergebnis der letzten Sitzung","date":"28. Juni 2011","format":false,"excerpt":"Am 21ten hat sich das Orga-Team wieder zusammengefunden, wieder mal ohne Beteiligung der Rivianer. Dabei wurde festgestellt, dass sich der Adressbestand immer noch in einem etwas veralteten Zustand befindet. Ich habe den aktuellen Stand der Liste auf die Homepage gestellt. Meine Bitte: schaut Euch die Liste an und meldet alle\u2026","rel":"","context":"In &quot;25 Jahre - Die Feier&quot;","img":{"alt_text":"","src":"","width":0,"height":0},"classes":[]}],"_links":{"self":[{"href":"http:\/\/abi.allebrodt.net\/index.php\/wp-json\/wp\/v2\/posts\/233"}],"collection":[{"href":"http:\/\/abi.allebrodt.net\/index.php\/wp-json\/wp\/v2\/posts"}],"about":[{"href":"http:\/\/abi.allebrodt.net\/index.php\/wp-json\/wp\/v2\/types\/post"}],"author":[{"embeddable":true,"href":"http:\/\/abi.allebrodt.net\/index.php\/wp-json\/wp\/v2\/users\/1"}],"replies":[{"embeddable":true,"href":"http:\/\/abi.allebrodt.net\/index.php\/wp-json\/wp\/v2\/comments?post=233"}],"version-history":[{"count":9,"href":"http:\/\/abi.allebrodt.net\/index.php\/wp-json\/wp\/v2\/posts\/233\/revisions"}],"predecessor-version":[{"id":244,"href":"http:\/\/abi.allebrodt.net\/index.php\/wp-json\/wp\/v2\/posts\/233\/revisions\/244"}],"wp:attachment":[{"href":"http:\/\/abi.allebrodt.net\/index.php\/wp-json\/wp\/v2\/media?parent=233"}],"wp:term":[{"taxonomy":"category","embeddable":true,"href":"http:\/\/abi.allebrodt.net\/index.php\/wp-json\/wp\/v2\/categories?post=233"},{"taxonomy":"post_tag","embeddable":true,"href":"http:\/\/abi.allebrodt.net\/index.php\/wp-json\/wp\/v2\/tags?post=233"}],"curies":[{"name":"wp","href":"https:\/\/api.w.org\/{rel}","templated":true}]}}