{"id":46,"date":"2010-12-08T14:35:51","date_gmt":"2010-12-08T13:35:51","guid":{"rendered":"http:\/\/abi.allebrodt.net\/?p=46"},"modified":"2010-12-08T14:35:51","modified_gmt":"2010-12-08T13:35:51","slug":"testartikel","status":"publish","type":"post","link":"http:\/\/abi.allebrodt.net\/index.php\/2010\/12\/08\/testartikel\/","title":{"rendered":"Testartikel"},"content":{"rendered":"<p>Kurzer Test eines neuen Users&#8230; Ihr k\u00f6nnt Euch selbst registrieren. Hoffentlich&#8230;<\/p>\n","protected":false},"excerpt":{"rendered":"<p>Kurzer Test eines neuen Users&#8230; Ihr k\u00f6nnt Euch selbst registrieren. Hoffentlich&#8230;<\/p>\n","protected":false},"author":3,"featured_media":0,"comment_status":"open","ping_status":"open","sticky":false,"template":"","format":"standard","meta":{"ngg_post_thumbnail":0,"jetpack_post_was_ever_published":false,"jetpack_publicize_message":"","jetpack_is_tweetstorm":false,"jetpack_publicize_feature_enabled":true,"jetpack_social_post_already_shared":false,"jetpack_social_options":[]},"categories":[7],"tags":[],"jetpack_publicize_connections":[],"jetpack_featured_media_url":"","jetpack_sharing_enabled":true,"jetpack_shortlink":"https:\/\/wp.me\/p6YdrU-K","jetpack-related-posts":[{"id":111,"url":"http:\/\/abi.allebrodt.net\/index.php\/2011\/04\/26\/25-jahre-die-ortlichkeit\/","url_meta":{"origin":46,"position":0},"title":"8. Oktober 2011: Die \u00d6rtlichkeit","date":"26. April 2011","format":false,"excerpt":"Nachdem der 8. Oktober jetzt als Termin feststeht, gehts im weiteren Ablauf um den Ort der Feier. Nachdem ein paar Vorschl\u00e4ge eingegangen sind, habe ich ne doodle-Abfrage erstellt und Ihr k\u00f6nnt unter Wo sollen wir feiern?\u00a0kr\u00e4ftig abstimmen! Falls kurzfristig noch weitere Vorschl\u00e4ge kommen, k\u00f6nnen die noch eingebaut werden. Ihr k\u00f6nnt\u2026","rel":"","context":"In &quot;25 Jahre - Die Feier&quot;","img":{"alt_text":"","src":"","width":0,"height":0},"classes":[]},{"id":165,"url":"http:\/\/abi.allebrodt.net\/index.php\/2011\/06\/28\/ergebnis-der-letzten-sitzung\/","url_meta":{"origin":46,"position":1},"title":"Ergebnis der letzten Sitzung","date":"28. Juni 2011","format":false,"excerpt":"Am 21ten hat sich das Orga-Team wieder zusammengefunden, wieder mal ohne Beteiligung der Rivianer. Dabei wurde festgestellt, dass sich der Adressbestand immer noch in einem etwas veralteten Zustand befindet. Ich habe den aktuellen Stand der Liste auf die Homepage gestellt. Meine Bitte: schaut Euch die Liste an und meldet alle\u2026","rel":"","context":"In &quot;25 Jahre - Die Feier&quot;","img":{"alt_text":"","src":"","width":0,"height":0},"classes":[]},{"id":86,"url":"http:\/\/abi.allebrodt.net\/index.php\/2010\/12\/10\/fehlerhafte-mail-adressen\/","url_meta":{"origin":46,"position":2},"title":"Fehlerhafte mail-Adressen","date":"10. Dezember 2010","format":false,"excerpt":"In meinem Verteiler liefern einige Adressen einen Fehler zur\u00fcck... Schaut mal rein unter Vermisstenanzeigen, vielleicht seid Ihr ja auf einem aktuelleren Stand und k\u00f6nnt meinen Verteiler korrigieren.","rel":"","context":"In &quot;25 Jahre - Die Feier&quot;","img":{"alt_text":"","src":"","width":0,"height":0},"classes":[]},{"id":287,"url":"http:\/\/abi.allebrodt.net\/index.php\/2015\/03\/09\/save-the-date-18-04-2015\/","url_meta":{"origin":46,"position":3},"title":"Save the Date: 18.04.2015!","date":"9. M\u00e4rz 2015","format":false,"excerpt":"Am 18.04.2015 gibts das n\u00e4chste Treffen! Und hier alle Infos: - Das Treffen findet im Mediterran Steakhaus in Milstenau statt, siehe auch Homepage: http:\/\/www.mediterran-attendorn.de - Zwecks Reservierung meldet Euch bitte bei Markus Cramer (MarkusCramer@t-online.de) oder Anja Reising (AREISING@trilux.de) an! Wir freuen uns auf ein hoffentlich zahlreiches Wiedersehen am 18.04.!!!","rel":"","context":"In &quot;Allgemein&quot;","img":{"alt_text":"","src":"","width":0,"height":0},"classes":[]},{"id":6,"url":"http:\/\/abi.allebrodt.net\/index.php\/2010\/12\/07\/terminplanung-2011\/","url_meta":{"origin":46,"position":4},"title":"Terminplanung 2011","date":"7. Dezember 2010","format":false,"excerpt":"F\u00fcr unser 25j\u00e4hriges Jubil\u00e4um hat Marion per Doodle mehrere Termine zur Abstimmung gestellt. Beteiligt Euch kr\u00e4ftig an der Abstimmung, damit m\u00f6glichst viele dabei sein k\u00f6nnen. Ihr erreicht die Abstimmung unter: Doodle - Abi 1986","rel":"","context":"In &quot;Allgemein&quot;","img":{"alt_text":"","src":"","width":0,"height":0},"classes":[]},{"id":124,"url":"http:\/\/abi.allebrodt.net\/index.php\/2011\/05\/03\/bitte-melde-dich\/","url_meta":{"origin":46,"position":5},"title":"Bitte melde Dich&#8230;","date":"3. Mai 2011","format":false,"excerpt":"Schaut bei Gelegenheit doch bitte mal unter Vermisstenanzeigen nach. Vielleicht k\u00f6nnt Ihr dabei helfen, den ein oder anderen wiederzufinden, bzw. die mail-Adressen zu aktualisieren. Ich versuche, in n\u00e4chster Zeit eine vollst\u00e4ndige Liste derer zu erstellen, zu denen uns keine oder nur rudiment\u00e4re Informationen vorliegen.","rel":"","context":"In &quot;25 Jahre - Die Feier&quot;","img":{"alt_text":"","src":"","width":0,"height":0},"classes":[]}],"_links":{"self":[{"href":"http:\/\/abi.allebrodt.net\/index.php\/wp-json\/wp\/v2\/posts\/46"}],"collection":[{"href":"http:\/\/abi.allebrodt.net\/index.php\/wp-json\/wp\/v2\/posts"}],"about":[{"href":"http:\/\/abi.allebrodt.net\/index.php\/wp-json\/wp\/v2\/types\/post"}],"author":[{"embeddable":true,"href":"http:\/\/abi.allebrodt.net\/index.php\/wp-json\/wp\/v2\/users\/3"}],"replies":[{"embeddable":true,"href":"http:\/\/abi.allebrodt.net\/index.php\/wp-json\/wp\/v2\/comments?post=46"}],"version-history":[{"count":2,"href":"http:\/\/abi.allebrodt.net\/index.php\/wp-json\/wp\/v2\/posts\/46\/revisions"}],"predecessor-version":[{"id":48,"href":"http:\/\/abi.allebrodt.net\/index.php\/wp-json\/wp\/v2\/posts\/46\/revisions\/48"}],"wp:attachment":[{"href":"http:\/\/abi.allebrodt.net\/index.php\/wp-json\/wp\/v2\/media?parent=46"}],"wp:term":[{"taxonomy":"category","embeddable":true,"href":"http:\/\/abi.allebrodt.net\/index.php\/wp-json\/wp\/v2\/categories?post=46"},{"taxonomy":"post_tag","embeddable":true,"href":"http:\/\/abi.allebrodt.net\/index.php\/wp-json\/wp\/v2\/tags?post=46"}],"curies":[{"name":"wp","href":"https:\/\/api.w.org\/{rel}","templated":true}]}}